{"id":44,"date":"2020-04-18T06:49:12","date_gmt":"2020-04-18T06:49:12","guid":{"rendered":"https:\/\/www.anemesis.org\/?p=44"},"modified":"2020-04-18T06:49:13","modified_gmt":"2020-04-18T06:49:13","slug":"semana-de-la-ciencia-2019","status":"publish","type":"post","link":"https:\/\/www.anemesis.org\/index.php\/2020\/04\/18\/semana-de-la-ciencia-2019\/","title":{"rendered":"Semana de la Ciencia 2019"},"content":{"rendered":"\n<p>Volvemos a participar en la Semana de la Ciencia con el taller:<\/p>\n\n\n\n<p><strong>LOS OTROS HOMBRES DEL SACO. PERSECUCI\u00d3N POLICIAL DE LOS DELITOS DE EXPOLIO Y TR\u00c1FICO IL\u00cdCITO DE BIENES ARQUEOL\u00d3GICOS<\/strong><\/p>\n\n\n\n<p><strong>16\u201900<\/strong> Presentaci\u00f3n del taller.<\/p>\n\n\n\n<p><strong>16\u201905-16\u201935<\/strong> Intervenci\u00f3n de Fernando Porcel, Jefe de la Brigada de Patrimonio Hist\u00f3rico de la Polic\u00eda Nacional.<\/p>\n\n\n\n<p><strong>16\u201935-17\u201905<\/strong> Intervenci\u00f3n de Francisco Romeo, Jefe de Secci\u00f3n de Prevenci\u00f3n del Patrimonio Cultural de la Comunidad Aut\u00f3noma de Arag\u00f3n.<\/p>\n\n\n\n<p><strong>17\u201905-17\u201930<\/strong> Descanso.<\/p>\n\n\n\n<p><strong>17\u201930-17\u201935<\/strong> Explicaci\u00f3n para realizar el ejercicio pr\u00e1ctico.<\/p>\n\n\n\n<p><strong>17\u201935-18\u201920<\/strong> Realizaci\u00f3n del ejercicio pr\u00e1ctico con acompa\u00f1amiento (interposici\u00f3n de denuncia de expolio arqueol\u00f3gico y valoraci\u00f3n de da\u00f1os en una actuaci\u00f3n expoliadora).<\/p>\n\n\n\n<p><strong>18\u201920-19\u201900<\/strong> Puesta en com\u00fan del ejercicio pr\u00e1ctico.<\/p>\n","protected":false},"excerpt":{"rendered":"<p>Volvemos a participar en la Semana de la Ciencia con el taller: LOS OTROS HOMBRES DEL SACO. PERSECUCI\u00d3N POLICIAL DE LOS DELITOS DE EXPOLIO Y TR\u00c1FICO IL\u00cdCITO DE BIENES ARQUEOL\u00d3GICOS 16\u201900 Presentaci\u00f3n del taller. 16\u201905-16\u201935 Intervenci\u00f3n de Fernando Porcel, Jefe de la Brigada de Patrimonio Hist\u00f3rico de la Polic\u00eda Nacional. 16\u201935-17\u201905 Intervenci\u00f3n de Francisco Romeo,&hellip;&nbsp;<a href=\"https:\/\/www.anemesis.org\/index.php\/2020\/04\/18\/semana-de-la-ciencia-2019\/\" rel=\"bookmark\">Leer m\u00e1s &raquo;<span class=\"screen-reader-text\">Semana de la Ciencia 2019<\/span><\/a><\/p>\n","protected":false},"author":1,"featured_media":43,"comment_status":"open","ping_status":"closed","sticky":false,"template":"","format":"standard","meta":{"neve_meta_sidebar":"","neve_meta_container":"","neve_meta_enable_content_width":"off","neve_meta_content_width":0,"neve_meta_title_alignment":"","neve_meta_author_avatar":"","neve_post_elements_order":"","neve_meta_disable_header":"","neve_meta_disable_footer":"","neve_meta_disable_title":"","footnotes":""},"categories":[4],"tags":[8,15,14,12,11],"class_list":["post-44","post","type-post","status-publish","format-standard","has-post-thumbnail","hentry","category-evento","tag-expolio","tag-madrid","tag-policia","tag-semana-de-la-ciencia","tag-taller"],"_links":{"self":[{"href":"https:\/\/www.anemesis.org\/index.php\/wp-json\/wp\/v2\/posts\/44","targetHints":{"allow":["GET"]}}],"collection":[{"href":"https:\/\/www.anemesis.org\/index.php\/wp-json\/wp\/v2\/posts"}],"about":[{"href":"https:\/\/www.anemesis.org\/index.php\/wp-json\/wp\/v2\/types\/post"}],"author":[{"embeddable":true,"href":"https:\/\/www.anemesis.org\/index.php\/wp-json\/wp\/v2\/users\/1"}],"replies":[{"embeddable":true,"href":"https:\/\/www.anemesis.org\/index.php\/wp-json\/wp\/v2\/comments?post=44"}],"version-history":[{"count":1,"href":"https:\/\/www.anemesis.org\/index.php\/wp-json\/wp\/v2\/posts\/44\/revisions"}],"predecessor-version":[{"id":45,"href":"https:\/\/www.anemesis.org\/index.php\/wp-json\/wp\/v2\/posts\/44\/revisions\/45"}],"wp:featuredmedia":[{"embeddable":true,"href":"https:\/\/www.anemesis.org\/index.php\/wp-json\/wp\/v2\/media\/43"}],"wp:attachment":[{"href":"https:\/\/www.anemesis.org\/index.php\/wp-json\/wp\/v2\/media?parent=44"}],"wp:term":[{"taxonomy":"category","embeddable":true,"href":"https:\/\/www.anemesis.org\/index.php\/wp-json\/wp\/v2\/categories?post=44"},{"taxonomy":"post_tag","embeddable":true,"href":"https:\/\/www.anemesis.org\/index.php\/wp-json\/wp\/v2\/tags?post=44"}],"curies":[{"name":"wp","href":"https:\/\/api.w.org\/{rel}","templated":true}]}}