{"id":34,"date":"2020-04-18T06:34:51","date_gmt":"2020-04-18T06:34:51","guid":{"rendered":"https:\/\/www.anemesis.org\/?p=34"},"modified":"2025-08-17T16:47:23","modified_gmt":"2025-08-17T16:47:23","slug":"expertos-reivindican-el-modelo-de-lucha-contra-el-expolio-arqueologico-seguido-en-espana","status":"publish","type":"post","link":"https:\/\/www.anemesis.org\/index.php\/2020\/04\/18\/expertos-reivindican-el-modelo-de-lucha-contra-el-expolio-arqueologico-seguido-en-espana\/","title":{"rendered":"Nota de prensa: El expoliar se va a acabar"},"content":{"rendered":"\n<p><strong>EXPERTOS REIVINDICAN EL MODELO DE LUCHA CONTRA EL EXPOLIO ARQUEOL\u00d3GICO SEGUIDO EN ESPA\u00d1A<\/strong><\/p>\n\n\n\n<p>Esta ma\u00f1ana se ha presentado en la sede de la Real Academia de Bellas Artes de San Fernando el libro editado por Tirant lo Blanch, \u201cEl expoliar se va a acabar. Arqueolog\u00eda y detectores de metales. Sanciones administrativas y penales\u201d, cuyos editores cient\u00edficos son Ana Y\u00e1\u00f1ez, profesora de Derecho Administrativo de la Universidad Complutense de Madrid e Ignacio Rodr\u00edguez Temi\u00f1o, conservador de Museos de la Junta de Andaluc\u00eda. Durante el acto se ha reivindicado el modelo espa\u00f1ol de lucha contra el expolio arqueol\u00f3gico, especialmente el perpetrado por el uso de aparatos detectores de metales, frente a modelos m\u00e1s laxos propios de pa\u00edses del Norte de Europa que tienen un pasado que ha dejado menos restos monumentales que el de pa\u00edses mediterr\u00e1neos como Espa\u00f1a.<\/p>\n\n\n\n<!--more-->\n\n\n\n<p>La obra recoge un amplio conjunto de aportaciones multidisciplinares sobre las actuaciones contra el expolio arqueol\u00f3gico: experiencias policiales de lucha contra expoliadores e intermediarios; an\u00e1lisis criminol\u00f3gicos sobre los profesionales del expolio terrestre y subacu\u00e1tico; reflexiones jur\u00eddico doctrinales; un amplio estado de la cuesti\u00f3n en materia de sanciones por parte de representantes de Comunidades Aut\u00f3nomas y otras reflexiones sobre los da\u00f1os provocados por el uso incontrolado de aparatos detectores de metales en zonas de inter\u00e9s hist\u00f3rico-arqueol\u00f3gico por haber sido campos de batalla durante la guerra civil. Incluso desde los sectores m\u00e1s concienciados del mundo del detectorismo se reivindican experiencias de confluencia entre detectoristas y arque\u00f3logos sobre proyectos de investigaci\u00f3n concretos.<\/p>\n\n\n\n<p>En Espa\u00f1a son de actualidad, en los \u00faltimos tiempos, actuaciones policiales contra el expolio y el tr\u00e1fico il\u00edcito de antig\u00fcedades y ello es producto de una doble circunstancia que, como se ha comentado durante la presentaci\u00f3n tanto por los editores de la obra como por quienes los acompa\u00f1aban en la mesa redonda, el acad\u00e9mico de Bellas Artes y catedr\u00e1tico de Arqueolog\u00eda de la Universidad Complutense, Jos\u00e9 Mar\u00eda Luz\u00f3n y la directora de Hispania Nostra, Araceli Pereda, diferencia a Espa\u00f1a de otros pa\u00edses noreuropeos: la existencia de unidades tanto de la Guardia Civil como del Cuerpo Nacional de Polic\u00eda y de otras polic\u00edas auton\u00f3micas, dedicados espec\u00edficamente a la lucha contra este tipo de delincuencia cultural y una legislaci\u00f3n que restringe el uso indiscriminado de estos aparatos. Restricci\u00f3n que, en el caso de la nueva legislaci\u00f3n que est\u00e1 en tramitaci\u00f3n en Andaluc\u00eda, se llevar\u00e1 al extremo de su prohibici\u00f3n, una vez constatada en esa Comunidad Aut\u00f3noma los da\u00f1os irreversibles que suponen estos aparatos, considerados por la Junta de Andaluc\u00eda como la segunda causa en importancia de p\u00e9rdida de patrimonio arqueol\u00f3gico.<\/p>\n\n\n\n<p>Durante el debate mantenido se han podido conocer datos a escala europea, esgrimidos por los intervinientes, sobre el gradual reconocimiento internacional que van ganando los modelos restrictivos frente a los basados en la limitaci\u00f3n voluntaria y las adquisiciones por parte del Estado o particulares del producto de los hallazgos realizados por los detectoristas de metales, por ejemplo en el Reino Unido.<\/p>\n\n\n\n<p>La obra es fruto de un Proyecto I+D+i financiado por el Ministerio de Econom\u00eda y Competitividad y que ha embarcado a una veintena de especialistas en diversos aspectos de la lucha contra esta lacra cultural. A pesar de los diversos puntos de vista y la forma de abordar este problema, todos los autores coinciden en que el modelo seguido en Espa\u00f1a, si bien posiblemente no vaya a terminar con este mal end\u00e9mico \u2013a pesar del t\u00edtulo optimista del libro-, s\u00ed que contribuye a que no se extienda.<\/p>\n\n\n\n<p>Madrid, a 8 de junio de 2018.<\/p>\n\n\n\n<figure class=\"wp-block-image size-large\"><img loading=\"lazy\" decoding=\"async\" width=\"1024\" height=\"576\" src=\"https:\/\/www.anemesis.org\/wp-content\/uploads\/2020\/04\/IMG-20180608-WA0003-1024x576.jpg\" alt=\"\" class=\"wp-image-35\" srcset=\"https:\/\/www.anemesis.org\/wp-content\/uploads\/2020\/04\/IMG-20180608-WA0003-1024x576.jpg 1024w, https:\/\/www.anemesis.org\/wp-content\/uploads\/2020\/04\/IMG-20180608-WA0003-300x169.jpg 300w, https:\/\/www.anemesis.org\/wp-content\/uploads\/2020\/04\/IMG-20180608-WA0003-768x432.jpg 768w, https:\/\/www.anemesis.org\/wp-content\/uploads\/2020\/04\/IMG-20180608-WA0003.jpg 1328w\" sizes=\"auto, (max-width: 1024px) 100vw, 1024px\" \/><\/figure>\n","protected":false},"excerpt":{"rendered":"<p>Esta ma\u00f1ana se ha presentado en la sede de la Real Academia de Bellas Artes de San Fernando el libro editado por Tirant lo Blanch, \u201cEl expoliar se va a acabar. Arqueolog\u00eda y detectores de metales. Sanciones administrativas y penales\u201d<\/p>\n","protected":false},"author":1,"featured_media":36,"comment_status":"open","ping_status":"closed","sticky":false,"template":"","format":"standard","meta":{"neve_meta_sidebar":"","neve_meta_container":"","neve_meta_enable_content_width":"off","neve_meta_content_width":0,"neve_meta_title_alignment":"","neve_meta_author_avatar":"","neve_post_elements_order":"","neve_meta_disable_header":"","neve_meta_disable_footer":"","neve_meta_disable_title":"","footnotes":""},"categories":[4],"tags":[7,9,8,10,6,5],"class_list":["post-34","post","type-post","status-publish","format-standard","has-post-thumbnail","hentry","category-evento","tag-el-expoliar-se-va-a-acabar","tag-espana","tag-expolio","tag-libro","tag-presentacion","tag-real-academia"],"_links":{"self":[{"href":"https:\/\/www.anemesis.org\/index.php\/wp-json\/wp\/v2\/posts\/34","targetHints":{"allow":["GET"]}}],"collection":[{"href":"https:\/\/www.anemesis.org\/index.php\/wp-json\/wp\/v2\/posts"}],"about":[{"href":"https:\/\/www.anemesis.org\/index.php\/wp-json\/wp\/v2\/types\/post"}],"author":[{"embeddable":true,"href":"https:\/\/www.anemesis.org\/index.php\/wp-json\/wp\/v2\/users\/1"}],"replies":[{"embeddable":true,"href":"https:\/\/www.anemesis.org\/index.php\/wp-json\/wp\/v2\/comments?post=34"}],"version-history":[{"count":3,"href":"https:\/\/www.anemesis.org\/index.php\/wp-json\/wp\/v2\/posts\/34\/revisions"}],"predecessor-version":[{"id":42,"href":"https:\/\/www.anemesis.org\/index.php\/wp-json\/wp\/v2\/posts\/34\/revisions\/42"}],"wp:featuredmedia":[{"embeddable":true,"href":"https:\/\/www.anemesis.org\/index.php\/wp-json\/wp\/v2\/media\/36"}],"wp:attachment":[{"href":"https:\/\/www.anemesis.org\/index.php\/wp-json\/wp\/v2\/media?parent=34"}],"wp:term":[{"taxonomy":"category","embeddable":true,"href":"https:\/\/www.anemesis.org\/index.php\/wp-json\/wp\/v2\/categories?post=34"},{"taxonomy":"post_tag","embeddable":true,"href":"https:\/\/www.anemesis.org\/index.php\/wp-json\/wp\/v2\/tags?post=34"}],"curies":[{"name":"wp","href":"https:\/\/api.w.org\/{rel}","templated":true}]}}